{"id":335,"date":"2020-07-16T11:39:21","date_gmt":"2020-07-16T10:39:21","guid":{"rendered":"https:\/\/drony.alwaysdata.net\/blog\/?p=335"},"modified":"2020-09-25T13:14:50","modified_gmt":"2020-09-25T12:14:50","slug":"drony-recherche-un-e-collaborateur-trice-pour-gerer-son-administratif","status":"publish","type":"post","link":"https:\/\/www.drony.fr\/blog\/drony-recherche-un-e-collaborateur-trice-pour-gerer-son-administratif\/","title":{"rendered":"[Trouv\u00e9e !] Drony recherche un(e) collaborateur(trice) pour g\u00e9rer son administratif"},"content":{"rendered":"\n<p>Au vu d\u2019une <strong>forte mont\u00e9e en charge administrative et commerciale<\/strong>, Drony est \u00e0 la recherche d\u2019un.e collaborateur.trice pour g\u00e9rer son administratif mais pas uniquement. <\/p>\n\n\n\n<h2 class=\"wp-block-heading\">Vous trouverez ci-apr\u00e8s un aper\u00e7u du profil recherch\u00e9 pour ce poste :<\/h2>\n\n\n\n<ul class=\"wp-block-list\"><li>Vous serez responsable de la bonne conduite des demandes de financement (OPCO, P\u00f4le Emploi, etc.) des stagiaires pour nos deux centres de formation.<\/li><li>Vous \u00e9tablirez les devis &amp; les factures tant pour formation que pour les missions et en assurerez le suivi.<\/li><\/ul>\n\n\n\n<p>La constitution des dossiers d&rsquo;appels d\u2019offres, un aspect commercial et la connaissance du domaine de la formation et du drone civil sont un plus.<\/p>\n\n\n\n<p>Le t\u00e9l\u00e9travail est envisag\u00e9 en partie pour ce poste avec une pr\u00e9sence physique pour l&rsquo;accueil des stagiaires et la sortie de formation entre autres.<\/p>\n\n\n\n<h2 class=\"wp-block-heading\">Les points essentiels pour int\u00e9grer l\u2019\u00e9quipe Drony<\/h2>\n\n\n\n<ul class=\"wp-block-list\"><li>Avoir envie d\u2019\u00e9voluer et faire progresser l\u2019entreprise (non n\u00e9gociable),<\/li><li>Vous \u00eates autonome et agile (non n\u00e9gociable),<\/li><li>Vous \u00eates sympa (non n\u00e9gociable),<\/li><li>Apr\u00e8s, tout se n\u00e9gocie \ud83d\ude42<\/li><\/ul>\n\n\n\n<p><strong>Vous pensez pouvoir faire l&rsquo;affaire ? Merci pour cela de nous faire parvenir dans un  premier temps par mail les informations suivantes \u00e0 cette adresse &gt; <a href=\"mailto:contact@drony.fr\">contact@drony.fr<\/a> :<\/strong><\/p>\n\n\n\n<ul class=\"wp-block-list\"><li>Votre CV ou exp\u00e9rience,<\/li><li>Vos pr\u00e9tentions salariales.<\/li><\/ul>\n\n\n\n<p><em>\u00c0 tr\u00e8s vite chez Drony !<\/em><\/p>\n","protected":false},"excerpt":{"rendered":"<p>Au vu d\u2019une forte mont\u00e9e en charge administrative et commerciale, Drony est \u00e0 la recherche&#8230;<\/p>\n","protected":false},"author":2,"featured_media":336,"comment_status":"open","ping_status":"open","sticky":false,"template":"","format":"standard","meta":{"footnotes":""},"categories":[65],"tags":[],"class_list":["post-335","post","type-post","status-publish","format-standard","has-post-thumbnail","hentry","category-ressources-humaines"],"_links":{"self":[{"href":"https:\/\/www.drony.fr\/blog\/wp-json\/wp\/v2\/posts\/335","targetHints":{"allow":["GET"]}}],"collection":[{"href":"https:\/\/www.drony.fr\/blog\/wp-json\/wp\/v2\/posts"}],"about":[{"href":"https:\/\/www.drony.fr\/blog\/wp-json\/wp\/v2\/types\/post"}],"author":[{"embeddable":true,"href":"https:\/\/www.drony.fr\/blog\/wp-json\/wp\/v2\/users\/2"}],"replies":[{"embeddable":true,"href":"https:\/\/www.drony.fr\/blog\/wp-json\/wp\/v2\/comments?post=335"}],"version-history":[{"count":12,"href":"https:\/\/www.drony.fr\/blog\/wp-json\/wp\/v2\/posts\/335\/revisions"}],"predecessor-version":[{"id":363,"href":"https:\/\/www.drony.fr\/blog\/wp-json\/wp\/v2\/posts\/335\/revisions\/363"}],"wp:featuredmedia":[{"embeddable":true,"href":"https:\/\/www.drony.fr\/blog\/wp-json\/wp\/v2\/media\/336"}],"wp:attachment":[{"href":"https:\/\/www.drony.fr\/blog\/wp-json\/wp\/v2\/media?parent=335"}],"wp:term":[{"taxonomy":"category","embeddable":true,"href":"https:\/\/www.drony.fr\/blog\/wp-json\/wp\/v2\/categories?post=335"},{"taxonomy":"post_tag","embeddable":true,"href":"https:\/\/www.drony.fr\/blog\/wp-json\/wp\/v2\/tags?post=335"}],"curies":[{"name":"wp","href":"https:\/\/api.w.org\/{rel}","templated":true}]}}