{"id":367,"date":"2020-12-24T16:09:15","date_gmt":"2020-12-24T15:09:15","guid":{"rendered":"https:\/\/drony.alwaysdata.net\/blog\/?p=367"},"modified":"2023-10-20T08:18:44","modified_gmt":"2023-10-20T07:18:44","slug":"la-reglementation-europeenne-drone-mise-en-application","status":"publish","type":"post","link":"https:\/\/www.drony.fr\/blog\/la-reglementation-europeenne-drone-mise-en-application\/","title":{"rendered":"La r\u00e9glementation Europ\u00e9enne drone : Mise en application"},"content":{"rendered":"\n<blockquote class=\"wp-block-quote is-layout-flow wp-block-quote-is-layout-flow\">\n<p><strong>Attention, <\/strong>cet article est d\u00e9sormais consid\u00e9r\u00e9 comme obsol\u00e8te m\u00eame s&rsquo;il comprend des informations pertinentes sur la r\u00e8glementation europ\u00e9enne.<br><a href=\"https:\/\/www.drony.fr\/blog\/octobre-2023-point-legislation-et-reglementation-drone-civil-uas\/\">Veuillez consulter cet article de mise \u00e0 jour<\/a><\/p>\n<\/blockquote>\n\n\n\n<p>\u00c0 partir du 1er janvier 2024, les sc\u00e9narios standards europ\u00e9ens <strong>STS-01 et STS-02 seront en vigueur pour tous les nouveaux exploitants<\/strong> souhaitant op\u00e9rer en <strong>cat\u00e9gorie sp\u00e9cifique<\/strong>.<\/p>\n\n\n\n<p>Cependant, <strong>cela ne signifie pas la disparition des sc\u00e9narios nationaux S1\/S2\/S3<\/strong> que nous utilisons depuis plus de 10 ans. Les exploitants ayant d\u00e9clar\u00e9 une activit\u00e9 sp\u00e9cifique avant le 31 d\u00e9cembre 2023 pourront continuer \u00e0 utiliser ces sc\u00e9narios nationaux (S1\/S2\/S3) pendant une p\u00e9riode de transition de deux ans, <strong>soit jusqu&rsquo;au 31 d\u00e9cembre 2025<\/strong>.<\/p>\n\n\n\n<p>De m\u00eame, un pilote \u00e0 distance ayant obtenu son CATT et son attestation de formation pratique pour les sc\u00e9narios nationaux pourra continuer \u00e0 op\u00e9rer, <strong>m\u00eame apr\u00e8s janvier 2024, au sein d&rsquo;une exploitation d\u00e9j\u00e0 existante avant cette date<\/strong>.<\/p>\n\n\n\n<h2 class=\"wp-block-heading\">La question actuelle qui pr\u00e9occupe est la suivante : quelle est la meilleure d\u00e9marche \u00e0 suivre ?<\/h2>\n\n\n\n<p>Est-il judicieux d&rsquo;attendre l&rsquo;impl\u00e9mentation des STS et de passer le CATPD (Brevet th\u00e9orique europ\u00e9en) ainsi qu&rsquo;une formation pratique STS ?<\/p>\n\n\n\n<p>\u00c0 l&rsquo;heure actuelle, l&rsquo;adage \u00ab <strong>On sait ce que l&rsquo;on quitte, mais on ne sait pas ce que l&rsquo;on retrouve<\/strong> \u00bb refl\u00e8te bien la situation.&nbsp;<\/p>\n\n\n\n<p>Les proc\u00e9dures associ\u00e9es \u00e0 l&rsquo;exploitation en sc\u00e9narios nationaux sont bien ma\u00eetris\u00e9es. Opter pour une cr\u00e9ation d\u2019exploitation en cat\u00e9gorie sp\u00e9cifique avant le 31 d\u00e9cembre prochain permettra <strong>d&rsquo;utiliser la p\u00e9riode de transition pour \u00e9valuer les besoins r\u00e9els de votre exploitation<\/strong> :<\/p>\n\n\n\n<ul class=\"wp-block-list\">\n<li>Quelle partie de votre activit\u00e9 sera soumise \u00e0 la cat\u00e9gorie ouverte, surtout compte tenu de la future mise \u00e0 jour de l&rsquo;arr\u00eat\u00e9 spatial ?<\/li>\n\n\n\n<li>Quelle partie devra \u00eatre r\u00e9alis\u00e9e en cat\u00e9gorie sp\u00e9cifique ?<\/li>\n\n\n\n<li>Que pr\u00e9voit-on pour les drones class\u00e9s CE dans le cadre de l&rsquo;activit\u00e9 sp\u00e9cifique ? Des drones C5 et C6 seront-ils disponibles d\u00e8s janvier prochain ?<\/li>\n\n\n\n<li>Qu&rsquo;en est-il des exigences en mati\u00e8re de formations pratiques pour les STS ? Seront-elles plus rigoureuses que celles en vigueur actuellement ?<\/li>\n<\/ul>\n\n\n\n<p>Ces questions demeurent <strong>sans r\u00e9ponses claires \u00e0 moins de 4 mois<\/strong> de la mise en \u0153uvre des nouveaux sc\u00e9narios.<\/p>\n\n\n\n<p>C&rsquo;est pour ces raisons que nous vous recommandons vivement <strong>de r\u00e9server une date pour le passage de votre examen<\/strong>, via le portail oc\u00e9ane et de vous consacrer rapidement \u00e0 la pr\u00e9paration de votre certificat th\u00e9orique CATT (sur la plateforme <a href=\"https:\/\/drone-exam.fr\/\" target=\"_blank\" rel=\"noreferrer noopener\">Drone\/Exam<\/a> par exemple).<\/p>\n\n\n\n<p>Chez Drony, <strong><a href=\"https:\/\/www.drony.fr\/nos-formations-drone\/formations-validation-pratique-drone\/validation-pratique-telepilotage-drone\/\" target=\"_blank\" rel=\"noreferrer noopener\">nous avons con\u00e7u une formation sp\u00e9cifique<\/a><\/strong> qui permet aux pilotes \u00e0 distance ayant obtenu leur CATT \u2014 ou ayant une date de passage avant janvier 2024 \u2014 de valider leur formation pratique. <strong>Cela leur permettra de recevoir une attestation de formation pratique pour les sc\u00e9narios S1\/S2\/S3<\/strong>.<\/p>\n\n\n\n<p>Ces deux \u00e9l\u00e9ments : le CATT et l&rsquo;attestation de formation pratique, vous rendent \u00e9ligible en tant que pilote \u00e0 distance pour op\u00e9rer en cat\u00e9gorie sp\u00e9cifique selon les sc\u00e9narios nationaux. <strong>Ainsi, vous pourrez profiter de ces sc\u00e9narios jusqu&rsquo;\u00e0 fin 2025<\/strong>.<\/p>\n\n\n\n<p>Actuellement, il est important de noter que nous ne sommes pas encore en mesure de <strong>dispenser une formation pratique conforme aux futurs STS<\/strong>. Nous mettons tout en \u0153uvre pour nous adapter \u00e0 ces changements et pour offrir une formation pratique de haute qualit\u00e9 qui r\u00e9pondra aux nouvelles exigences et cela le plus rapidement possible apr\u00e8s le 1er Janvier 2024.<\/p>\n\n\n\n<hr class=\"wp-block-separator has-alpha-channel-opacity\"\/>\n\n\n\n<h2 class=\"wp-block-heading\">Au 8 juillet 2021, nous indiquions les informations suivantes :<\/h2>\n\n\n\n<p>Comme vu dans nos <a href=\"https:\/\/www.drony.fr\/centre-de-formation\/\" target=\"_blank\" rel=\"noopener\">formations de t\u00e9l\u00e9pilote drone<\/a>, <strong>il n&rsquo;y a pas de changements fondamentaux avec le format national<\/strong>,  pour les exploitants d\u00e9j\u00e0 en activit\u00e9 au 31\/12\/2020 ou s\u2019enregistrant durant l\u2019ann\u00e9e 2021 <strong>mais il faudra en plus prendre en compte<\/strong> les \u00e9l\u00e9ments suivants :<\/p>\n\n\n\n<ul class=\"wp-block-list\">\n<li>Obligation d&rsquo;enregistrement comme <strong>exploitant d&rsquo;UAS sur Alpha Tango<\/strong>*,<\/li>\n\n\n\n<li>Int\u00e9grer le N\u00b0 d\u2019exploitant d\u2019UAS sur la plaquette de marquage de l\u2019exploitant national (5cmx3cm),<\/li>\n\n\n\n<li><strong>Int\u00e9grer ce m\u00eame num\u00e9ro<\/strong> dans l&rsquo;<strong>identification \u00e9lectronique \u00e0 distance<\/strong> int\u00e9gr\u00e9 \u00e0 votre machine ou dans la balise externe,<\/li>\n\n\n\n<li>Plafond de vol \u00e0 120m (et <strong>non plus 150m<\/strong>),<\/li>\n\n\n\n<li>Vol en sc\u00e9narios nationaux S1\/S2\/S3 comme en vigueur avant le 31\/12\/2020 (Disparition du S4),<\/li>\n\n\n\n<li>Possibilit\u00e9 d\u2019utiliser la cat\u00e9gorie Open \u00ab Limit\u00e9e \u00bb avec vos machines non \u00ab CE \u00bb actuellement en activit\u00e9 en \u00e9quivalence A1\/A2\/A3 (limitations li\u00e9es au poids de la machine),<\/li>\n\n\n\n<li>Possibilit\u00e9 d\u2019utiliser la cat\u00e9gorie Open pour les machines portant le sigle \u00ab CE \u00bb (C0\/C1\/C2) et dans les sous-cat\u00e9gories A1\/A2\/A3.<\/li>\n<\/ul>\n\n\n\n<p>L\u2019examen th\u00e9orique (Certificat d&rsquo;aptitude th\u00e9orique t\u00e9l\u00e9pilote, CATT ou brevet d\u2019aptitude de pilote \u00e0 distance) <strong>reste le m\u00eame<\/strong>, il sera <strong>simplement adapt\u00e9 d\u00e8s le 1<sup>er<\/sup> Janvier 2021<\/strong> pour inclure les sp\u00e9cificit\u00e9s indiqu\u00e9es ci-dessus (hauteur \u00e0 120m, disparition du S4, etc.)<\/p>\n\n\n\n<blockquote class=\"wp-block-quote is-layout-flow wp-block-quote-is-layout-flow\">\n<p>Chez Drony, nous <strong>int\u00e9grons d\u00e9j\u00e0 depuis plusieurs semaines<\/strong> ces nouvelles notions \u00e0 <a href=\"https:\/\/www.drony.fr\/centre-de-formation\/\" target=\"_blank\" rel=\"noreferrer noopener\">nos formations <\/a>et nous assurons une <strong>veille r\u00e9glementaire<\/strong> qui nous permettra <strong>d\u2019adapter nos programmes au fur et \u00e0 mesure<\/strong> que sortiront les textes applicables en d\u00e9cembre 2021 (cat\u00e9gorie sp\u00e9cifique, MANEX, SORA\u2026)<\/p>\n<\/blockquote>\n\n\n\n<h3 class=\"wp-block-heading\">Pour mieux appr\u00e9hender la l\u00e9gislation europ\u00e9enne, deux guides sont \u00e0 votre disposition :<\/h3>\n\n\n\n<ul class=\"wp-block-list\">\n<li><a href=\"https:\/\/www.ecologie.gouv.fr\/sites\/default\/files\/Guide_categorie_Ouverte.pdf\" target=\"_blank\" rel=\"noreferrer noopener\">Guide cat\u00e9gorie ouverte<\/a><\/li>\n\n\n\n<li><a href=\"https:\/\/www.ecologie.gouv.fr\/sites\/default\/files\/Guide_categorie_Specifique_0.pdf\" target=\"_blank\" rel=\"noreferrer noopener\">Guide cat\u00e9gorie sp\u00e9cifique<\/a><\/li>\n<\/ul>\n\n\n\n<p><strong>Pour toutes questions compl\u00e9mentaires : <a href=\"mailto:contact@drony.fr\">contact@drony.fr<\/a><\/strong><\/p>\n\n\n\n<p><em>*La proc\u00e9dure d&rsquo;inscription comme exploitant d\u2019UAS d\u00e9crite sur ce PDF : <a href=\"https:\/\/www.ecologie.gouv.fr\/sites\/default\/files\/enregistrement_exploitant_uas.pdf\" target=\"_blank\" rel=\"noreferrer noopener\">Enregistrement exploitant UAS<\/a><\/em><\/p>\n","protected":false},"excerpt":{"rendered":"<p>Attention, cet article est d\u00e9sormais consid\u00e9r\u00e9 comme obsol\u00e8te m\u00eame s&rsquo;il comprend des informations pertinentes sur&#8230;<\/p>\n","protected":false},"author":2,"featured_media":368,"comment_status":"open","ping_status":"open","sticky":false,"template":"","format":"standard","meta":{"footnotes":""},"categories":[5,66],"tags":[],"class_list":["post-367","post","type-post","status-publish","format-standard","has-post-thumbnail","hentry","category-formation-telepilote-drone","category-legislation-drone"],"_links":{"self":[{"href":"https:\/\/www.drony.fr\/blog\/wp-json\/wp\/v2\/posts\/367","targetHints":{"allow":["GET"]}}],"collection":[{"href":"https:\/\/www.drony.fr\/blog\/wp-json\/wp\/v2\/posts"}],"about":[{"href":"https:\/\/www.drony.fr\/blog\/wp-json\/wp\/v2\/types\/post"}],"author":[{"embeddable":true,"href":"https:\/\/www.drony.fr\/blog\/wp-json\/wp\/v2\/users\/2"}],"replies":[{"embeddable":true,"href":"https:\/\/www.drony.fr\/blog\/wp-json\/wp\/v2\/comments?post=367"}],"version-history":[{"count":26,"href":"https:\/\/www.drony.fr\/blog\/wp-json\/wp\/v2\/posts\/367\/revisions"}],"predecessor-version":[{"id":795,"href":"https:\/\/www.drony.fr\/blog\/wp-json\/wp\/v2\/posts\/367\/revisions\/795"}],"wp:featuredmedia":[{"embeddable":true,"href":"https:\/\/www.drony.fr\/blog\/wp-json\/wp\/v2\/media\/368"}],"wp:attachment":[{"href":"https:\/\/www.drony.fr\/blog\/wp-json\/wp\/v2\/media?parent=367"}],"wp:term":[{"taxonomy":"category","embeddable":true,"href":"https:\/\/www.drony.fr\/blog\/wp-json\/wp\/v2\/categories?post=367"},{"taxonomy":"post_tag","embeddable":true,"href":"https:\/\/www.drony.fr\/blog\/wp-json\/wp\/v2\/tags?post=367"}],"curies":[{"name":"wp","href":"https:\/\/api.w.org\/{rel}","templated":true}]}}