{"id":420,"date":"2022-03-10T09:30:13","date_gmt":"2022-03-10T08:30:13","guid":{"rendered":"https:\/\/www.drony.fr\/blog\/?p=420"},"modified":"2022-03-10T09:30:45","modified_gmt":"2022-03-10T08:30:45","slug":"quand-et-comment-mettre-a-jour-votre-manex","status":"publish","type":"post","link":"https:\/\/www.drony.fr\/blog\/quand-et-comment-mettre-a-jour-votre-manex\/","title":{"rendered":"Quand et comment mettre \u00e0 jour votre MANEX ?"},"content":{"rendered":"\n<p>L\u2019exploitant drone <strong>doit r\u00e9diger un manuel d\u2019exploitation<\/strong> (MANEX) d\u00e9crivant les modalit\u00e9s de mise en<br>\u0153uvre de ses obligations r\u00e9glementaires. Il doit \u00eatre r\u00e9dig\u00e9 et <strong>mis \u00e0 jour r\u00e9guli\u00e8rement<\/strong> de fa\u00e7on \u00e0 refl\u00e9ter les sp\u00e9cificit\u00e9s de l\u2019exploitant. <\/p>\n\n\n\n<p>On compare souvent le MANEX aux statuts d\u2019une soci\u00e9t\u00e9 ou au r\u00e8glement int\u00e9rieur d\u2019une association.<\/p>\n\n\n\n<h3 class=\"wp-block-heading\"><strong>P<\/strong>our les mises \u00e0 jour il faut tenir compte :<\/h3>\n\n\n\n<ul class=\"wp-block-list\"><li>Des \u00e9volutions de la r\u00e9glementation :<ul><li>Dans ce cas, <strong>l\u2019exploitant dispose d\u2019un d\u00e9lai d\u2019un mois<\/strong> apr\u00e8s l\u2019entr\u00e9e en vigueur de la nouvelle r\u00e9glementation pour mettre \u00e0 jour son MANEX. Dans l\u2019intervalle, les nouvelles dispositions r\u00e8glementaires s\u2019appliquent d\u00e8s leur entr\u00e9e en vigueur.<\/li><\/ul><\/li><li>De toutes modifications de l\u2019activit\u00e9 ayant une incidence sur le manuel : <ul><li>nouveau drone, pilote, proc\u00e9dure en interne, etc.<\/li><\/ul><\/li><\/ul>\n\n\n\n<h3 class=\"wp-block-heading\">Lorsqu\u2019une modification doit \u00eatre apport\u00e9e au MANEX, deux cas sont possibles :<\/h3>\n\n\n\n<ul class=\"wp-block-list\"><li>Soit la modification est <strong>mineure<\/strong> et ne concerne que quelques pages du MANEX :<ul><li>Un amendement au MANEX sera alors r\u00e9alis\u00e9.<\/li><li><strong>Seules les pages affect\u00e9es<\/strong> par une modification seront \u00e0 amender (le cartouche de ces pages et uniquement de ces pages devra faire appara\u00eetre le nouveau num\u00e9ro d\u2019amendement et la date de la modification).<\/li><li>Toutes les autres pages du MANEX ne subiront aucune modification (que ce soit dans le contenu ou au niveau du cartouche).<\/li><li>La page 2 du MANEX servant de r\u00e9capitulatif des diff\u00e9rents amendements. On y mentionne, la ou les pages modifi\u00e9es, le n\u00b0 de l&rsquo;amendement, la date et la raison de cet amendement.<\/li><\/ul><\/li><li>Soit la modification est <strong>majeure<\/strong> et concerne une grande partie des pages du MANEX :<ul><li>Dans ce cas, <strong>une nouvelle \u00e9dition<\/strong> du MANEX sera mise en place. <\/li><li>Le cartouche de toutes les pages du MANEX sera alors modifi\u00e9 avec le num\u00e9ro et la date de la nouvelle \u00e9dition.<\/li><\/ul><\/li><\/ul>\n\n\n\n<figure class=\"wp-block-pullquote\"><blockquote><p>Il faut voir votre MANEX comme un logiciel qui se met \u00e0 jour.<\/p><\/blockquote><\/figure>\n\n\n\n<p>Quand un logiciel sort, il est nativement au format 1.0 (\u00c9dition 1 \/ Amendement 0) , puis si des petites mise \u00e0 jour sont faites, il passe en 1.1, puis 1.2 etc.<\/p>\n\n\n\n<p>D\u00e8s qu&rsquo;une grosse mise \u00e0 jour est faite alors on passe \u00e0 l&rsquo;\u00e9dition suivante, soit 2.0 (\u00c9dition 2 \/ Amendement 0).<\/p>\n\n\n\n<p>Les amendements sont des modifications mineures au sein d&rsquo;une \u00e9dition. La page 2 du MANEX et la num\u00e9rotation des amendements sont remises \u00e0 jour \u00e0 chaque nouvelle \u00e9dition.<\/p>\n\n\n\n<p>Quoi qu&rsquo;il en soit, <strong>il est n\u00e9cessaire d&rsquo;archiver<\/strong> le MANEX dans toutes les versions et d\u2019\u00eatre en mesure de les mettre \u00e0 disposition des autorit\u00e9s en cas de contr\u00f4le.<\/p>\n\n\n\n<p>Le MANEX peut sans probl\u00e8me \u00eatre pr\u00e9sent\u00e9 au format d\u00e9mat\u00e9rialis\u00e9 et par cons\u00e9quent il n&rsquo;est pas n\u00e9cessaire de l&rsquo;imprimer.<\/p>\n\n\n\n<h3 class=\"wp-block-heading\">Chez Drony, quelle est notre proc\u00e9dure de mise \u00e0 jour de MANEX ?<\/h3>\n\n\n\n<p>Nous utilisons un fichier Google docs \u00e9ditable (ou Word, ou autre \u00e9diteur de texte) qui nous sert de base de travail \u00e0 jour (avec des copies de s\u00e9curit\u00e9) et avant chaque modification de ce format \u00e9ditable, nous <strong>nous assurons d&rsquo;en avoir une version pdf non modifiable<\/strong>, que nous classons dans un dossier pour archive.<\/p>\n\n\n\n<p>Une fois les modifications faites et le format word sauvegard\u00e9, nous g\u00e9n\u00e9rons une version PDF que pouvons facilement pr\u00e9senter\/envoyer en cas de contr\u00f4le et que nous mettons \u00e0 disposition de toutes les personnes li\u00e9es \u00e0 l&rsquo;exploitation.<\/p>\n\n\n\n<h3 class=\"wp-block-heading\">MANEX, au format de la r\u00e9glementation europ\u00e9enne<\/h3>\n\n\n\n<p>Un canevas-type de MANEX, au format de la r\u00e9glementation europ\u00e9enne, sera prochainement mis en ligne, en langue fran\u00e7aise.<br>Dans l&rsquo;attente, la version anglaise est disponible en AMC1UAS.SPEC.030(3)(e) au r\u00e8glement europ\u00e9en.<\/p>\n\n\n\n<p>L\u2019exploitant d\u2019UAS devra avoir adopt\u00e9 ce mod\u00e8le de MANEX au plus tard lors de sa d\u00e9claration selon l\u2019un des sc\u00e9narios standards europ\u00e9ens STS01 et STS 02 \u00e0 compter du 1er janvier 2024.<\/p>\n\n\n\n<p>Il est donc tout \u00e0 fait possible de continuer d\u2018exercer sur la base du mod\u00e8le all\u00e9g\u00e9 de MANEX (h\u00e9rit\u00e9 de l\u2019ancien format MAP) pour une utilisation exclusive selon les sc\u00e9narios standard nationaux jusqu\u2019\u00e0 fin 2023.<\/p>\n\n\n\n<h2 class=\"wp-block-heading\">Vous n\u2019avez pas encore de MANEX ?<\/h2>\n\n\n\n<ul class=\"wp-block-list\"><li>Nous pouvons vous accompagner \u00e0 la r\u00e9daction de votre MANEX :<ul><li><a href=\"https:\/\/www.drony.fr\/services\/manex-et-autres-documents-administratifs\/aide-a-la-redaction-de-votre-manuel-d-exploitation-manex\/\">Aide \u00e0 la r\u00e9daction de votre Manuel d&rsquo;Exploitation (MANEX)<\/a>.<\/li><\/ul><\/li><li>Vous pr\u00e9f\u00e9rez un accompagnement plus pouss\u00e9 ? <ul><li>Nos formations &amp; accompagnements individuels peuvent r\u00e9pondre \u00e0 vos attentes : <a href=\"https:\/\/www.drony.fr\/services\/conseil-accompagnement\/\">Conseil &amp; accompagnement<\/a>.<\/li><\/ul><\/li><\/ul>\n","protected":false},"excerpt":{"rendered":"<p>L\u2019exploitant drone doit r\u00e9diger un manuel d\u2019exploitation (MANEX) d\u00e9crivant les modalit\u00e9s de mise en\u0153uvre de&#8230;<\/p>\n","protected":false},"author":2,"featured_media":424,"comment_status":"open","ping_status":"open","sticky":false,"template":"","format":"standard","meta":{"footnotes":""},"categories":[66],"tags":[72,71,73],"class_list":["post-420","post","type-post","status-publish","format-standard","has-post-thumbnail","hentry","category-legislation-drone","tag-exploitant","tag-manex","tag-manuel-dexploitation"],"_links":{"self":[{"href":"https:\/\/www.drony.fr\/blog\/wp-json\/wp\/v2\/posts\/420","targetHints":{"allow":["GET"]}}],"collection":[{"href":"https:\/\/www.drony.fr\/blog\/wp-json\/wp\/v2\/posts"}],"about":[{"href":"https:\/\/www.drony.fr\/blog\/wp-json\/wp\/v2\/types\/post"}],"author":[{"embeddable":true,"href":"https:\/\/www.drony.fr\/blog\/wp-json\/wp\/v2\/users\/2"}],"replies":[{"embeddable":true,"href":"https:\/\/www.drony.fr\/blog\/wp-json\/wp\/v2\/comments?post=420"}],"version-history":[{"count":3,"href":"https:\/\/www.drony.fr\/blog\/wp-json\/wp\/v2\/posts\/420\/revisions"}],"predecessor-version":[{"id":425,"href":"https:\/\/www.drony.fr\/blog\/wp-json\/wp\/v2\/posts\/420\/revisions\/425"}],"wp:featuredmedia":[{"embeddable":true,"href":"https:\/\/www.drony.fr\/blog\/wp-json\/wp\/v2\/media\/424"}],"wp:attachment":[{"href":"https:\/\/www.drony.fr\/blog\/wp-json\/wp\/v2\/media?parent=420"}],"wp:term":[{"taxonomy":"category","embeddable":true,"href":"https:\/\/www.drony.fr\/blog\/wp-json\/wp\/v2\/categories?post=420"},{"taxonomy":"post_tag","embeddable":true,"href":"https:\/\/www.drony.fr\/blog\/wp-json\/wp\/v2\/tags?post=420"}],"curies":[{"name":"wp","href":"https:\/\/api.w.org\/{rel}","templated":true}]}}