{"id":535,"date":"2022-08-07T18:22:06","date_gmt":"2022-08-07T17:22:06","guid":{"rendered":"https:\/\/www.drony.fr\/blog\/?p=535"},"modified":"2022-08-25T17:16:16","modified_gmt":"2022-08-25T16:16:16","slug":"reportage-tournage-et-montage-pour-les-plus-beaux-sites-du-val-doise","status":"publish","type":"post","link":"https:\/\/www.drony.fr\/blog\/reportage-tournage-et-montage-pour-les-plus-beaux-sites-du-val-doise\/","title":{"rendered":"Reportage, tournage et montage pour les plus beaux sites du Val d&rsquo;Oise"},"content":{"rendered":"\n<p>Dans le cadre d&rsquo;une <strong>prestation audiovisuelle pour le d\u00e9partement du Val d&rsquo;Oise<\/strong>, pour l&rsquo;op\u00e9ration #pleinlesmirettes, l&rsquo;agence audiovisuelle Drony \u00e0 r\u00e9alis\u00e9 un <strong>reportage photo<\/strong> et un <strong>ensemble de vid\u00e9os<\/strong> dont la finalit\u00e9 \u00e9tait de pr\u00e9senter le Val d&rsquo;Oise afin de vous en mettre \u00ab <strong>Plein les mirettes<\/strong> \u00bb !<\/p>\n\n\n\n<p><strong>6 films ont \u00e9t\u00e9 r\u00e9alis\u00e9s<\/strong> par les \u00e9quipes de Drony, de la captation au montage en passant par la composition et l&rsquo;enregistrement d&rsquo;une illustration musicale originale \u00ab Plein les yeux \u2014 Monumental \u00bb par <a href=\"https:\/\/www.jeromethierry.com\" data-type=\"URL\" data-id=\"https:\/\/www.jeromethierry.com\" target=\"_blank\" rel=\"noreferrer noopener\">J\u00e9r\u00f4me THIERRY<\/a>.<\/p>\n\n\n\n<p>Vous trouverez ci-apr\u00e8s un <strong>r\u00e9sum\u00e9 en photos et vid\u00e9o<\/strong> de cette prestation d&rsquo;envergure qui a n\u00e9cessit\u00e9 pas moins de <strong>37 d\u00e9clarations de vol drone<\/strong>, quelques jours de tournage, de montage et d&rsquo;enregistrement en studio.<\/p>\n\n\n\n<h2 class=\"wp-block-heading\">Auvers-sur-Oise [en photos]<\/h2>\n\n\n\n<figure class=\"wp-block-gallery has-nested-images columns-default is-cropped wp-block-gallery-1 is-layout-flex wp-block-gallery-is-layout-flex\">\n<figure class=\"wp-block-image size-large\"><a href=\"https:\/\/www.drony.fr\/blog\/wp-content\/uploads\/2022\/08\/eglise-notre-dame-de-l-assomption-drony.jpg\"><img decoding=\"async\" data-id=\"537\" src=\"https:\/\/www.drony.fr\/blog\/wp-content\/uploads\/2022\/08\/eglise-notre-dame-de-l-assomption-drony-1024x576.jpg\" alt=\"Photo par drone de l'\u00e9glise Notre-Dame de l'assomption d'Auvers-sur-Oise\" class=\"wp-image-537\"\/><\/a><figcaption>Photo par drone de l&rsquo;\u00e9glise Notre-Dame de l&rsquo;assomption d&rsquo;Auvers-sur-Oise<\/figcaption><\/figure>\n\n\n\n<figure class=\"wp-block-image size-large\"><a href=\"https:\/\/www.drony.fr\/blog\/wp-content\/uploads\/2022\/08\/cimetiere-auvers-sur-oise-drony.jpg\"><img decoding=\"async\" data-id=\"538\" src=\"https:\/\/www.drony.fr\/blog\/wp-content\/uploads\/2022\/08\/cimetiere-auvers-sur-oise-drony-1024x576.jpg\" alt=\"Vue par drone du cimeti\u00e8re d'Auvers-sur-Oise ou sont enterr\u00e9s Vincent et Th\u00e9odore van Gogh\" class=\"wp-image-538\"\/><\/a><figcaption>Vue par drone du cimeti\u00e8re d&rsquo;Auvers-sur-Oise ou sont enterr\u00e9s Vincent et Th\u00e9odore van Gogh<\/figcaption><\/figure>\n\n\n\n<figure class=\"wp-block-image size-large\"><a href=\"https:\/\/www.drony.fr\/blog\/wp-content\/uploads\/2022\/08\/auberge-ravoux-drony.jpg\"><img decoding=\"async\" data-id=\"539\" src=\"https:\/\/www.drony.fr\/blog\/wp-content\/uploads\/2022\/08\/auberge-ravoux-drony-1024x576.jpg\" alt=\"Vue par drone de l'auberge Ravoux d'Auvers-sur-Oise (95)\" class=\"wp-image-539\"\/><\/a><figcaption>Vue par drone de l&rsquo;auberge Ravoux d&rsquo;Auvers-sur-Oise (95)<\/figcaption><\/figure>\n\n\n\n<figure class=\"wp-block-image size-large\"><a href=\"https:\/\/www.drony.fr\/blog\/wp-content\/uploads\/2022\/08\/chateau-auvers-sur-oise-drony.jpg\"><img decoding=\"async\" data-id=\"540\" src=\"https:\/\/www.drony.fr\/blog\/wp-content\/uploads\/2022\/08\/chateau-auvers-sur-oise-drony-1024x575.jpg\" alt=\"Vue par drone du Ch\u00e2teau d'Auvers-sur-Oise\" class=\"wp-image-540\"\/><\/a><figcaption>Vue par drone du Ch\u00e2teau d&rsquo;Auvers-sur-Oise<\/figcaption><\/figure>\n<\/figure>\n\n\n\n<h3 class=\"wp-block-heading\" id=\"block-6b9f0efc-b7c8-4fae-b8c6-ee7c066a1065\">Auvers-sur-Oise [en vid\u00e9o]<\/h3>\n\n\n\n<figure class=\"wp-block-embed is-type-video is-provider-vimeo wp-block-embed-vimeo wp-embed-aspect-16-9 wp-has-aspect-ratio\"><div class=\"wp-block-embed__wrapper\">\nhttps:\/\/vimeo.com\/533054971\n<\/div><\/figure>\n\n\n\n<hr class=\"wp-block-separator has-alpha-channel-opacity\"\/>\n\n\n\n<h2 class=\"wp-block-heading\">Axe Seine [en photos]<\/h2>\n\n\n\n<div class=\"wp-block-columns is-layout-flex wp-container-core-columns-is-layout-28f84493 wp-block-columns-is-layout-flex\">\n<div class=\"wp-block-column is-layout-flow wp-block-column-is-layout-flow\" style=\"flex-basis:100%\">\n<figure class=\"wp-block-gallery has-nested-images columns-5 is-cropped wp-block-gallery-2 is-layout-flex wp-block-gallery-is-layout-flex\">\n<figure class=\"wp-block-image size-large\"><a href=\"https:\/\/www.drony.fr\/blog\/wp-content\/uploads\/2022\/08\/eglise-troglodytique-annonciation-haute-isle-drony-scaled.jpg\"><img decoding=\"async\" data-id=\"546\" src=\"https:\/\/www.drony.fr\/blog\/wp-content\/uploads\/2022\/08\/eglise-troglodytique-annonciation-haute-isle-drony-1024x576.jpg\" alt=\"Vue par drone de l'\u00e9glise Troglodytique de l'Annonciation de Haute-Isle\" class=\"wp-image-546\"\/><\/a><figcaption>Vue par drone de l&rsquo;\u00e9glise Troglodytique de l&rsquo;Annonciation de Haute-Isle<\/figcaption><\/figure>\n\n\n\n<figure class=\"wp-block-image size-large is-style-default\"><a href=\"https:\/\/www.drony.fr\/blog\/wp-content\/uploads\/2022\/08\/chateau-de-la-roche-guyon-drony.jpg\"><img decoding=\"async\" data-id=\"542\" src=\"https:\/\/www.drony.fr\/blog\/wp-content\/uploads\/2022\/08\/chateau-de-la-roche-guyon-drony-1024x576.jpg\" alt=\"Vue a\u00e9rienne par drone des jardins et du Ch\u00e2teau de La Roche-Guyon\" class=\"wp-image-542\"\/><\/a><figcaption>Vue a\u00e9rienne par drone des jardins et du Ch\u00e2teau de La Roche-Guyon<\/figcaption><\/figure>\n\n\n\n<figure class=\"wp-block-image size-large\"><a href=\"https:\/\/www.drony.fr\/blog\/wp-content\/uploads\/2022\/08\/eglise-notre-dame-de-vetheuil-drony.jpg\"><img decoding=\"async\" data-id=\"545\" src=\"https:\/\/www.drony.fr\/blog\/wp-content\/uploads\/2022\/08\/eglise-notre-dame-de-vetheuil-drony-1024x576.jpg\" alt=\"Vue par drone de l'\u00e9glise Notre-dame de Vetheuil (95)\" class=\"wp-image-545\"\/><\/a><figcaption>Vue par drone de l&rsquo;\u00e9glise Notre-dame de Vetheuil (95)<\/figcaption><\/figure>\n\n\n\n<figure class=\"wp-block-image size-large\"><a href=\"https:\/\/www.drony.fr\/blog\/wp-content\/uploads\/2022\/08\/bac-herblay-drony.jpg\"><img decoding=\"async\" data-id=\"544\" src=\"https:\/\/www.drony.fr\/blog\/wp-content\/uploads\/2022\/08\/bac-herblay-drony-1024x576.jpg\" alt=\"Vue par drone du bac (navette fluviale) \u00e0 Herblay-sur-Seine, Vald'Oise\" class=\"wp-image-544\"\/><\/a><figcaption>Vue par drone du bac (navette fluviale) \u00e0 Herblay-sur-Seine, Vald&rsquo;Oise<\/figcaption><\/figure>\n\n\n\n<figure class=\"wp-block-image size-large\"><a href=\"https:\/\/www.drony.fr\/blog\/wp-content\/uploads\/2022\/08\/ile-d-herblay-drony.jpg\"><img decoding=\"async\" data-id=\"543\" src=\"https:\/\/www.drony.fr\/blog\/wp-content\/uploads\/2022\/08\/ile-d-herblay-drony-1024x576.jpg\" alt=\"Vue a\u00e9rienne par drone de l'\u00cele Motteau \u00e0 Herbaly-sur-Seine (95)\" class=\"wp-image-543\"\/><\/a><figcaption>Vue a\u00e9rienne par drone de l&rsquo;\u00cele Motteau \u00e0 Herbaly-sur-Seine (95)<\/figcaption><\/figure>\n\n\n\n<figure class=\"wp-block-image size-large\"><a href=\"https:\/\/www.drony.fr\/blog\/wp-content\/uploads\/2022\/08\/falaises-de-la-vallee-haute-isle-drony.jpg\"><img decoding=\"async\" data-id=\"541\" src=\"https:\/\/www.drony.fr\/blog\/wp-content\/uploads\/2022\/08\/falaises-de-la-vallee-haute-isle-drony-1024x576.jpg\" alt=\"Vue par drone des falaise de la vall\u00e9e de Haute-Isle (Val d'Oise)\" class=\"wp-image-541\"\/><\/a><figcaption>Vue par drone des falaise de la vall\u00e9e de Haute-Isle (Val d&rsquo;Oise)<\/figcaption><\/figure>\n<\/figure>\n<\/div>\n<\/div>\n\n\n\n<h3 class=\"wp-block-heading\">Axe Seine [en vid\u00e9o]<\/h3>\n\n\n\n<figure class=\"wp-block-embed is-type-video is-provider-vimeo wp-block-embed-vimeo wp-embed-aspect-16-9 wp-has-aspect-ratio\"><div class=\"wp-block-embed__wrapper\">\nhttps:\/\/vimeo.com\/533053309\n<\/div><\/figure>\n\n\n\n<hr class=\"wp-block-separator has-alpha-channel-opacity\"\/>\n\n\n\n<h2 class=\"wp-block-heading\">Au bord de l&rsquo;Oise [en photos]<\/h2>\n\n\n\n<figure class=\"wp-block-gallery has-nested-images columns-5 is-cropped wp-block-gallery-3 is-layout-flex wp-block-gallery-is-layout-flex\">\n<figure class=\"wp-block-image size-large\"><a href=\"https:\/\/www.drony.fr\/blog\/wp-content\/uploads\/2022\/08\/l-isle-adam-drony-scaled.jpg\"><img decoding=\"async\" data-id=\"552\" src=\"https:\/\/www.drony.fr\/blog\/wp-content\/uploads\/2022\/08\/l-isle-adam-drony-1024x576.jpg\" alt=\"La sir\u00e8ne Evila prise par drone au pont de l'Isle-Adam\" class=\"wp-image-552\"\/><\/a><figcaption>La sir\u00e8ne Evila prise par drone au pont de l&rsquo;Isle-Adam<\/figcaption><\/figure>\n\n\n\n<figure class=\"wp-block-image size-large\"><a href=\"https:\/\/www.drony.fr\/blog\/wp-content\/uploads\/2022\/08\/pontoise-gare-drony.jpg\"><img decoding=\"async\" data-id=\"551\" src=\"https:\/\/www.drony.fr\/blog\/wp-content\/uploads\/2022\/08\/pontoise-gare-drony-1024x576.jpg\" alt=\"Vue par drone de l'Oise le pont ferroviaire et de la gare de Pontoise\" class=\"wp-image-551\"\/><\/a><figcaption>Vue par drone de l&rsquo;Oise le pont ferroviaire et de la gare de Pontoise<\/figcaption><\/figure>\n\n\n\n<figure class=\"wp-block-image size-large\"><a href=\"https:\/\/www.drony.fr\/blog\/wp-content\/uploads\/2022\/08\/pontoise-drony.jpg\"><img decoding=\"async\" data-id=\"555\" src=\"https:\/\/www.drony.fr\/blog\/wp-content\/uploads\/2022\/08\/pontoise-drony-1024x576.jpg\" alt=\"Vue de Pontoise par drone depuis le fleuve\" class=\"wp-image-555\"\/><\/a><figcaption>Vue de Pontoise par drone depuis le fleuve<\/figcaption><\/figure>\n\n\n\n<figure class=\"wp-block-image size-large\"><a href=\"https:\/\/www.drony.fr\/blog\/wp-content\/uploads\/2022\/08\/pontoise-oise-drony.jpg\"><img decoding=\"async\" data-id=\"554\" src=\"https:\/\/www.drony.fr\/blog\/wp-content\/uploads\/2022\/08\/pontoise-oise-drony-1024x576.jpg\" alt=\"Vue de Pontoise par drone depuis le fleuve\" class=\"wp-image-554\"\/><\/a><figcaption>Vue par drone de l&rsquo;Oise depuis le pont de Pontoise<\/figcaption><\/figure>\n\n\n\n<figure class=\"wp-block-image size-large\"><a href=\"https:\/\/www.drony.fr\/blog\/wp-content\/uploads\/2022\/08\/quartier-eglise-pontoise-drony.jpg\"><img decoding=\"async\" data-id=\"550\" src=\"https:\/\/www.drony.fr\/blog\/wp-content\/uploads\/2022\/08\/quartier-eglise-pontoise-drony-1024x576.jpg\" alt=\"Vue du quartier de l'\u00e9glise de Pontoise (Val d'Oise)\" class=\"wp-image-550\"\/><\/a><figcaption>Vue du quartier de l&rsquo;\u00e9glise de Pontoise (Val d&rsquo;Oise)<\/figcaption><\/figure>\n\n\n\n<figure class=\"wp-block-image size-large\"><a href=\"https:\/\/www.drony.fr\/blog\/wp-content\/uploads\/2022\/08\/pavillon-chinois-l-isle-adam-drony.jpg\"><img decoding=\"async\" data-id=\"553\" src=\"https:\/\/www.drony.fr\/blog\/wp-content\/uploads\/2022\/08\/pavillon-chinois-l-isle-adam-drony-1024x576.jpg\" alt=\"Vue par drone du Pavillon Chinois \u00e0 l'Isle-Adam\" class=\"wp-image-553\"\/><\/a><figcaption>Vue par drone du Pavillon Chinois \u00e0 l&rsquo;Isle-Adam<\/figcaption><\/figure>\n<\/figure>\n\n\n\n<h3 class=\"wp-block-heading\">Au bord de l&rsquo;Oise [en vid\u00e9o]<\/h3>\n\n\n\n<figure class=\"wp-block-embed is-type-video is-provider-vimeo wp-block-embed-vimeo wp-embed-aspect-16-9 wp-has-aspect-ratio\"><div class=\"wp-block-embed__wrapper\">\nhttps:\/\/vimeo.com\/533056035\n<\/div><\/figure>\n\n\n\n<hr class=\"wp-block-separator has-alpha-channel-opacity\"\/>\n\n\n\n<h2 class=\"wp-block-heading\">Parc naturel r\u00e9gional du Vexin fran\u00e7ais [en photos]<\/h2>\n\n\n\n<figure class=\"wp-block-gallery has-nested-images columns-4 is-cropped wp-block-gallery-4 is-layout-flex wp-block-gallery-is-layout-flex\">\n<figure class=\"wp-block-image size-large\"><a href=\"https:\/\/www.drony.fr\/blog\/wp-content\/uploads\/2022\/08\/villarceaux-03-drony.jpg\"><img decoding=\"async\" data-id=\"565\" src=\"https:\/\/www.drony.fr\/blog\/wp-content\/uploads\/2022\/08\/villarceaux-03-drony-1024x576.jpg\" alt=\"Vue par drone du domaine de Villarceaux \u00e0 Chaussy\" class=\"wp-image-565\"\/><\/a><figcaption>Vue par drone du domaine de Villarceaux \u00e0 Chaussy<\/figcaption><\/figure>\n\n\n\n<figure class=\"wp-block-image size-large\"><a href=\"https:\/\/www.drony.fr\/blog\/wp-content\/uploads\/2022\/08\/villarceaux-02-drony-scaled.jpg\"><img decoding=\"async\" data-id=\"558\" src=\"https:\/\/www.drony.fr\/blog\/wp-content\/uploads\/2022\/08\/villarceaux-02-drony-1024x576.jpg\" alt=\"Photo a\u00e9rienne par drone du domaine de Villarceaux \u00e0 Chaussy\" class=\"wp-image-558\"\/><\/a><figcaption>Photo a\u00e9rienne par drone du domaine de Villarceaux \u00e0 Chaussy<\/figcaption><\/figure>\n\n\n\n<figure class=\"wp-block-image size-large\"><a href=\"https:\/\/www.drony.fr\/blog\/wp-content\/uploads\/2022\/08\/villarceaux-drony.jpg\"><img decoding=\"async\" data-id=\"564\" src=\"https:\/\/www.drony.fr\/blog\/wp-content\/uploads\/2022\/08\/villarceaux-drony-1024x576.jpg\" alt=\"Photo par drone du domaine de Villarceaux \u00e0 Chaussy\" class=\"wp-image-564\"\/><\/a><figcaption>Photo par drone du domaine de Villarceaux \u00e0 Chaussy<\/figcaption><\/figure>\n\n\n\n<figure class=\"wp-block-image size-large\"><a href=\"https:\/\/www.drony.fr\/blog\/wp-content\/uploads\/2022\/08\/chateau-ambleville-03-drony.jpg\"><img decoding=\"async\" data-id=\"563\" src=\"https:\/\/www.drony.fr\/blog\/wp-content\/uploads\/2022\/08\/chateau-ambleville-03-drony-1024x576.jpg\" alt=\"Vue par drone du Ch\u00e2teau d'Ambleville\" class=\"wp-image-563\"\/><\/a><figcaption>Vue par drone du Ch\u00e2teau d&rsquo;Ambleville<\/figcaption><\/figure>\n\n\n\n<figure class=\"wp-block-image size-large\"><a href=\"https:\/\/www.drony.fr\/blog\/wp-content\/uploads\/2022\/08\/chateau-ambleville-02-drony.jpg\"><img decoding=\"async\" data-id=\"561\" src=\"https:\/\/www.drony.fr\/blog\/wp-content\/uploads\/2022\/08\/chateau-ambleville-02-drony-1024x576.jpg\" alt=\"Photo par drone du Ch\u00e2teau d'Ambleville et ses jardins\" class=\"wp-image-561\"\/><\/a><figcaption>Photo par drone du Ch\u00e2teau d&rsquo;Ambleville et ses jardins<\/figcaption><\/figure>\n\n\n\n<figure class=\"wp-block-image size-large\"><a href=\"https:\/\/www.drony.fr\/blog\/wp-content\/uploads\/2022\/08\/chateau-ambleville-drony.jpg\"><img decoding=\"async\" data-id=\"560\" src=\"https:\/\/www.drony.fr\/blog\/wp-content\/uploads\/2022\/08\/chateau-ambleville-drony-1024x576.jpg\" alt=\"Vue par drone du domaine d'Ambleville\" class=\"wp-image-560\"\/><\/a><figcaption>Vue par drone du domaine d&rsquo;Ambleville<\/figcaption><\/figure>\n\n\n\n<figure class=\"wp-block-image size-large\"><a href=\"https:\/\/www.drony.fr\/blog\/wp-content\/uploads\/2022\/08\/allee-couverte-guiry-en-vexin-drony.jpg\"><img decoding=\"async\" data-id=\"559\" src=\"https:\/\/www.drony.fr\/blog\/wp-content\/uploads\/2022\/08\/allee-couverte-guiry-en-vexin-drony-1024x576.jpg\" alt=\"Photo par drone de l'entr\u00e9e de l'all\u00e9e couverte du Bois-Couturier de Guiry-en-Vexin\" class=\"wp-image-559\"\/><\/a><figcaption>Photo par drone de l&rsquo;entr\u00e9e de l&rsquo;all\u00e9e couverte du Bois-Couturier de Guiry-en-Vexin<\/figcaption><\/figure>\n\n\n\n<figure class=\"wp-block-image size-large\"><a href=\"https:\/\/www.drony.fr\/blog\/wp-content\/uploads\/2022\/08\/site-gallo-romain-genainville-drony.jpg\"><img decoding=\"async\" data-id=\"562\" src=\"https:\/\/www.drony.fr\/blog\/wp-content\/uploads\/2022\/08\/site-gallo-romain-genainville-drony-1024x576.jpg\" alt=\"Vue par drone du Sanctuaire Gallo-Romain des Vaux de la Celle \u00e0 Genainville\" class=\"wp-image-562\"\/><\/a><figcaption>Vue par drone du Sanctuaire Gallo-Romain des Vaux de la Celle \u00e0 Genainville<\/figcaption><\/figure>\n\n\n\n<figure class=\"wp-block-image size-large\"><a href=\"https:\/\/www.drony.fr\/blog\/wp-content\/uploads\/2022\/08\/villarceaux-04-drony.jpg\"><img decoding=\"async\" data-id=\"557\" src=\"https:\/\/www.drony.fr\/blog\/wp-content\/uploads\/2022\/08\/villarceaux-04-drony-1024x576.jpg\" alt=\"Photo artistique par drone du jardin du domaine de Villarceaux \u00e0 Chaussy\" class=\"wp-image-557\"\/><\/a><figcaption>Photo artistique par drone du jardin du domaine de Villarceaux \u00e0 Chaussy<\/figcaption><\/figure>\n<\/figure>\n\n\n\n<h3 class=\"wp-block-heading\">Parc naturel r\u00e9gional du Vexin fran\u00e7ais [en vid\u00e9o]<\/h3>\n\n\n\n<figure class=\"wp-block-embed is-type-video is-provider-vimeo wp-block-embed-vimeo wp-embed-aspect-16-9 wp-has-aspect-ratio\"><div class=\"wp-block-embed__wrapper\">\nhttps:\/\/vimeo.com\/533055566\n<\/div><\/figure>\n\n\n\n<hr class=\"wp-block-separator has-alpha-channel-opacity\"\/>\n\n\n\n<h2 class=\"wp-block-heading\">Vall\u00e9e de Montmorency [en photos]<\/h2>\n\n\n\n<figure class=\"wp-block-gallery has-nested-images columns-3 is-cropped wp-block-gallery-5 is-layout-flex wp-block-gallery-is-layout-flex\">\n<figure class=\"wp-block-image size-large\"><a href=\"https:\/\/www.drony.fr\/blog\/wp-content\/uploads\/2022\/08\/moulin-de-sannois-02-drony.jpg\"><img decoding=\"async\" data-id=\"566\" src=\"https:\/\/www.drony.fr\/blog\/wp-content\/uploads\/2022\/08\/moulin-de-sannois-02-drony-1024x584.jpg\" alt=\"Photo drone du Moulin de Sannois (95)\" class=\"wp-image-566\"\/><\/a><figcaption>Photo drone du Moulin de Sannois (95)<\/figcaption><\/figure>\n\n\n\n<figure class=\"wp-block-image size-large\"><a href=\"https:\/\/www.drony.fr\/blog\/wp-content\/uploads\/2022\/08\/moulin-de-sannois-drony.jpg\"><img decoding=\"async\" data-id=\"567\" src=\"https:\/\/www.drony.fr\/blog\/wp-content\/uploads\/2022\/08\/moulin-de-sannois-drony-1024x576.jpg\" alt=\"Vue a\u00e9rienne par drone du Moulin de Sannois dans le Val d'Oise\" class=\"wp-image-567\"\/><\/a><figcaption>Vue a\u00e9rienne par drone du Moulin de Sannois dans le Val d&rsquo;Oise<\/figcaption><\/figure>\n\n\n\n<figure class=\"wp-block-image size-large\"><a href=\"https:\/\/www.drony.fr\/blog\/wp-content\/uploads\/2022\/08\/chateau-de-al-chasse-saint-prix-drony.jpg\"><img decoding=\"async\" data-id=\"573\" src=\"https:\/\/www.drony.fr\/blog\/wp-content\/uploads\/2022\/08\/chateau-de-al-chasse-saint-prix-drony-1024x576.jpg\" alt=\"Vue par drone du Ch\u00e2teau de la chasse \u00e0 Saint-Prix \/ For\u00eat de Montmorency\" class=\"wp-image-573\"\/><\/a><figcaption>Vue par drone du Ch\u00e2teau de la chasse \u00e0 Saint-Prix \/ For\u00eat de Montmorency<\/figcaption><\/figure>\n\n\n\n<figure class=\"wp-block-image size-large\"><a href=\"https:\/\/www.drony.fr\/blog\/wp-content\/uploads\/2022\/08\/lac-enghien-les-bains-casino-05-drony.jpg\"><img decoding=\"async\" data-id=\"574\" src=\"https:\/\/www.drony.fr\/blog\/wp-content\/uploads\/2022\/08\/lac-enghien-les-bains-casino-05-drony-1024x576.jpg\" alt=\"Image a\u00e9rienne par drone du casino Barri\u00e8re d'Enghien-les-Bains\" class=\"wp-image-574\"\/><\/a><figcaption>Image a\u00e9rienne par drone du casino Barri\u00e8re d&rsquo;Enghien-les-Bains<\/figcaption><\/figure>\n\n\n\n<figure class=\"wp-block-image size-large\"><a href=\"https:\/\/www.drony.fr\/blog\/wp-content\/uploads\/2022\/08\/fouquets-enghien-les-bains-drony.jpg\"><img decoding=\"async\" data-id=\"572\" src=\"https:\/\/www.drony.fr\/blog\/wp-content\/uploads\/2022\/08\/fouquets-enghien-les-bains-drony-1024x576.jpg\" alt=\"Image a\u00e9rienne par drone du restaurant le Fouquet's au bord du lac d'Enghien-les-Bains\" class=\"wp-image-572\"\/><\/a><figcaption>Image a\u00e9rienne par drone du restaurant le Fouquet&rsquo;s au bord du lac d&rsquo;Enghien-les-Bains<\/figcaption><\/figure>\n\n\n\n<figure class=\"wp-block-image size-large\"><a href=\"https:\/\/www.drony.fr\/blog\/wp-content\/uploads\/2022\/08\/thermes-enghien-les-bains-drony.jpg\"><img decoding=\"async\" data-id=\"575\" src=\"https:\/\/www.drony.fr\/blog\/wp-content\/uploads\/2022\/08\/thermes-enghien-les-bains-drony-1024x576.jpg\" alt=\"Vue par drone de Valvital, les thermes d'Enghien-les-Bains dans le Val d'Oise\" class=\"wp-image-575\"\/><\/a><figcaption>Vue par drone de Valvital, les thermes d&rsquo;Enghien-les-Bains dans le Val d&rsquo;Oise<\/figcaption><\/figure>\n\n\n\n<figure class=\"wp-block-image size-large\"><a href=\"https:\/\/www.drony.fr\/blog\/wp-content\/uploads\/2022\/08\/lac-enghien-les-bains-02-drony.jpg\"><img decoding=\"async\" data-id=\"569\" src=\"https:\/\/www.drony.fr\/blog\/wp-content\/uploads\/2022\/08\/lac-enghien-les-bains-02-drony-1024x576.jpg\" alt=\"Vue par drone de la soci\u00e9t\u00e9 nautique d'Enghien, club de voile et d'aviron\" class=\"wp-image-569\"\/><\/a><figcaption>Vue par drone de la soci\u00e9t\u00e9 nautique d&rsquo;Enghien, club de voile et d&rsquo;aviron<\/figcaption><\/figure>\n\n\n\n<figure class=\"wp-block-image size-large\"><a href=\"https:\/\/www.drony.fr\/blog\/wp-content\/uploads\/2022\/08\/eglise-montmorency-drony.jpg\"><img decoding=\"async\" data-id=\"577\" src=\"https:\/\/www.drony.fr\/blog\/wp-content\/uploads\/2022\/08\/eglise-montmorency-drony-1024x576.jpg\" alt=\"Image par drone de la Coll\u00e9giale Saint-Martin de Montmorency\" class=\"wp-image-577\"\/><\/a><figcaption>Image par drone de la Coll\u00e9giale Saint-Martin de Montmorency<\/figcaption><\/figure>\n<\/figure>\n\n\n\n<h3 class=\"wp-block-heading\">Vall\u00e9e de Montmorency [en vid\u00e9o]<\/h3>\n\n\n\n<figure class=\"wp-block-embed is-type-video is-provider-vimeo wp-block-embed-vimeo wp-embed-aspect-16-9 wp-has-aspect-ratio\"><div class=\"wp-block-embed__wrapper\">\nhttps:\/\/vimeo.com\/533052037\n<\/div><\/figure>\n\n\n\n<hr class=\"wp-block-separator has-alpha-channel-opacity\"\/>\n\n\n\n<h2 class=\"wp-block-heading\">\u00c9couen [en photos]<\/h2>\n\n\n\n<figure class=\"wp-block-gallery has-nested-images columns-default is-cropped wp-block-gallery-6 is-layout-flex wp-block-gallery-is-layout-flex\">\n<figure class=\"wp-block-image size-large\"><a href=\"https:\/\/www.drony.fr\/blog\/wp-content\/uploads\/2022\/08\/chateau-ecouen-02-drony.jpg\"><img decoding=\"async\" data-id=\"578\" src=\"https:\/\/www.drony.fr\/blog\/wp-content\/uploads\/2022\/08\/chateau-ecouen-02-drony-1024x576.jpg\" alt=\"Vue par drone du Ch\u00e2teau et de la ville d'\u00c9couen dans le Val d'Oise (95)\" class=\"wp-image-578\"\/><\/a><figcaption>Vue par drone du Ch\u00e2teau et de la ville d&rsquo;\u00c9couen dans le Val d&rsquo;Oise (95)<\/figcaption><\/figure>\n\n\n\n<figure class=\"wp-block-image size-large\"><a href=\"https:\/\/www.drony.fr\/blog\/wp-content\/uploads\/2022\/08\/chateau-ecouen-drony.jpg\"><img decoding=\"async\" data-id=\"579\" src=\"https:\/\/www.drony.fr\/blog\/wp-content\/uploads\/2022\/08\/chateau-ecouen-drony-1024x576.jpg\" alt=\"Photo a\u00e9rienne par drone du Ch\u00e2teau d'\u00c9couen dans le Val d'Oise\" class=\"wp-image-579\"\/><\/a><figcaption>Photo a\u00e9rienne par drone du Ch\u00e2teau d&rsquo;\u00c9couen dans le Val d&rsquo;Oise<\/figcaption><\/figure>\n<\/figure>\n\n\n\n<h3 class=\"wp-block-heading\">\u00c9couen [en vid\u00e9o]<\/h3>\n\n\n\n<figure class=\"wp-block-embed is-type-video is-provider-vimeo wp-block-embed-vimeo wp-embed-aspect-16-9 wp-has-aspect-ratio\"><div class=\"wp-block-embed__wrapper\">\nhttps:\/\/vimeo.com\/533056694\n<\/div><\/figure>\n","protected":false},"excerpt":{"rendered":"<p>Dans le cadre d&rsquo;une prestation audiovisuelle pour le d\u00e9partement du Val d&rsquo;Oise, pour l&rsquo;op\u00e9ration #pleinlesmirettes,&#8230;<\/p>\n","protected":false},"author":2,"featured_media":605,"comment_status":"open","ping_status":"open","sticky":false,"template":"","format":"standard","meta":{"footnotes":""},"categories":[68,80],"tags":[],"class_list":["post-535","post","type-post","status-publish","format-standard","has-post-thumbnail","hentry","category-missions-drone","category-prestation-audiovisuelle"],"_links":{"self":[{"href":"https:\/\/www.drony.fr\/blog\/wp-json\/wp\/v2\/posts\/535","targetHints":{"allow":["GET"]}}],"collection":[{"href":"https:\/\/www.drony.fr\/blog\/wp-json\/wp\/v2\/posts"}],"about":[{"href":"https:\/\/www.drony.fr\/blog\/wp-json\/wp\/v2\/types\/post"}],"author":[{"embeddable":true,"href":"https:\/\/www.drony.fr\/blog\/wp-json\/wp\/v2\/users\/2"}],"replies":[{"embeddable":true,"href":"https:\/\/www.drony.fr\/blog\/wp-json\/wp\/v2\/comments?post=535"}],"version-history":[{"count":18,"href":"https:\/\/www.drony.fr\/blog\/wp-json\/wp\/v2\/posts\/535\/revisions"}],"predecessor-version":[{"id":604,"href":"https:\/\/www.drony.fr\/blog\/wp-json\/wp\/v2\/posts\/535\/revisions\/604"}],"wp:featuredmedia":[{"embeddable":true,"href":"https:\/\/www.drony.fr\/blog\/wp-json\/wp\/v2\/media\/605"}],"wp:attachment":[{"href":"https:\/\/www.drony.fr\/blog\/wp-json\/wp\/v2\/media?parent=535"}],"wp:term":[{"taxonomy":"category","embeddable":true,"href":"https:\/\/www.drony.fr\/blog\/wp-json\/wp\/v2\/categories?post=535"},{"taxonomy":"post_tag","embeddable":true,"href":"https:\/\/www.drony.fr\/blog\/wp-json\/wp\/v2\/tags?post=535"}],"curies":[{"name":"wp","href":"https:\/\/api.w.org\/{rel}","templated":true}]}}